{"id":2408,"date":"2020-02-08T14:46:21","date_gmt":"2020-02-08T14:46:21","guid":{"rendered":"https:\/\/ninetheme.com\/themes\/agrikon\/?p=1871"},"modified":"2026-03-11T08:14:02","modified_gmt":"2026-03-11T08:14:02","slug":"tekirdag-fleischballchen","status":"publish","type":"post","link":"https:\/\/ozantep.de\/tr\/tekirdag-fleischballchen\/","title":{"rendered":"Tekirda\u011f Usul\u00fc K\u00f6fte"},"content":{"rendered":"\t\t<div data-elementor-type=\"wp-post\" data-elementor-id=\"2408\" class=\"elementor elementor-2408\">\n\t\t\t\t\t\t\t\t\t<div class=\"elementor-section elementor-top-section elementor-element elementor-element-16cdf6a9 elementor-section-full_width elementor-section-height-default elementor-section-height-default nt-section-ripped-top ripped-top-no nt-section-ripped-bottom ripped-bottom-no\" data-id=\"16cdf6a9\" data-element_type=\"section\">\n\t\t\t\t\t\t<div class=\"elementor-container elementor-column-gap-no\">\n\t\t\t\t\t<div class=\"elementor-column elementor-col-100 elementor-top-column elementor-element elementor-element-5652c5a\" data-id=\"5652c5a\" data-element_type=\"column\">\n\t\t\t<div class=\"elementor-widget-wrap elementor-element-populated\">\n\t\t\t\t\t\t\t\t<div class=\"elementor-element elementor-element-61bc7bc elementor-widget elementor-widget-agrikon-page-hero\" data-id=\"61bc7bc\" data-element_type=\"widget\" data-widget_type=\"agrikon-page-hero.default\">\n\t\t\t\t<div class=\"elementor-widget-container\">\n\t\t\t<div class=\"page-header\"><div class=\"page-header__bg\"><\/div><div class=\"container\"><div aria-label=\"Breadcrumbs\" class=\"breadcrumb-trail breadcrumbs\"><ul class=\"breadcrumbs thm-breadcrumb list-unstyled\"><li  class=\"trail-item breadcrumb_item trail-end breadcrumb_active\"><a href=\"https:\/\/ozantep.de\/tr\/\" rel=\"home\" itemprop=\"item\"><span>Home<\/span><\/a><\/li><\/ul><\/div><h2 class=\"page-title\">Tekirdag-Fleischb\u00e4llchen<\/h2><\/div><\/div>\t\t<\/div>\n\t\t\t\t<\/div>\n\t\t\t\t\t<\/div>\n\t\t<\/div>\n\t\t\t\t\t\t\t<\/div>\n\t\t<\/div>\n\t\t\t\t<section class=\"elementor-section elementor-top-section elementor-element elementor-element-fc979cb elementor-section-boxed elementor-section-height-default elementor-section-height-default nt-section-ripped-top ripped-top-no nt-section-ripped-bottom ripped-bottom-no\" data-id=\"fc979cb\" data-element_type=\"section\">\n\t\t\t\t\t\t<div class=\"elementor-container elementor-column-gap-default\">\n\t\t\t\t\t<div class=\"elementor-column elementor-col-100 elementor-top-column elementor-element elementor-element-70543df\" data-id=\"70543df\" data-element_type=\"column\">\n\t\t\t<div class=\"elementor-widget-wrap elementor-element-populated\">\n\t\t\t\t\t\t\t\t<section class=\"elementor-section elementor-inner-section elementor-element elementor-element-48cd5cc elementor-section-boxed elementor-section-height-default elementor-section-height-default nt-section-ripped-top ripped-top-no nt-section-ripped-bottom ripped-bottom-no\" data-id=\"48cd5cc\" data-element_type=\"section\">\n\t\t\t\t\t\t<div class=\"elementor-container elementor-column-gap-default\">\n\t\t\t\t\t<div class=\"elementor-column elementor-col-50 elementor-inner-column elementor-element elementor-element-70a1051\" data-id=\"70a1051\" data-element_type=\"column\">\n\t\t\t<div class=\"elementor-widget-wrap elementor-element-populated\">\n\t\t\t\t\t\t\t\t<div class=\"elementor-element elementor-element-df20a99 elementor-widget elementor-widget-image\" data-id=\"df20a99\" data-element_type=\"widget\" data-widget_type=\"image.default\">\n\t\t\t\t<div class=\"elementor-widget-container\">\n\t\t\t<style>\/*! elementor - v3.10.0 - 09-01-2023 *\/\n.elementor-widget-image{text-align:center}.elementor-widget-image a{display:inline-block}.elementor-widget-image a img[src$=\".svg\"]{width:48px}.elementor-widget-image img{vertical-align:middle;display:inline-block}<\/style>\t\t\t\t\t\t\t\t\t\t\t\t<img loading=\"lazy\" decoding=\"async\" width=\"500\" height=\"500\" src=\"https:\/\/ozantep.de\/wp-content\/uploads\/2023\/02\/oz-antep-tekirdag-kofte-harci-90-g-500x500.jpg\" class=\"attachment-agrikon-square size-agrikon-square wp-image-5225\" alt=\"\" srcset=\"https:\/\/ozantep.de\/wp-content\/uploads\/2023\/02\/oz-antep-tekirdag-kofte-harci-90-g-500x500.jpg 500w, https:\/\/ozantep.de\/wp-content\/uploads\/2023\/02\/oz-antep-tekirdag-kofte-harci-90-g-300x300.jpg 300w, https:\/\/ozantep.de\/wp-content\/uploads\/2023\/02\/oz-antep-tekirdag-kofte-harci-90-g-150x150.jpg 150w, https:\/\/ozantep.de\/wp-content\/uploads\/2023\/02\/oz-antep-tekirdag-kofte-harci-90-g-768x768.jpg 768w, https:\/\/ozantep.de\/wp-content\/uploads\/2023\/02\/oz-antep-tekirdag-kofte-harci-90-g-750x750.jpg 750w, https:\/\/ozantep.de\/wp-content\/uploads\/2023\/02\/oz-antep-tekirdag-kofte-harci-90-g-450x450.jpg 450w, https:\/\/ozantep.de\/wp-content\/uploads\/2023\/02\/oz-antep-tekirdag-kofte-harci-90-g-100x100.jpg 100w, https:\/\/ozantep.de\/wp-content\/uploads\/2023\/02\/oz-antep-tekirdag-kofte-harci-90-g.jpg 800w\" sizes=\"auto, (max-width: 500px) 100vw, 500px\" \/>\t\t\t\t\t\t\t\t\t\t\t\t\t\t\t<\/div>\n\t\t\t\t<\/div>\n\t\t\t\t\t<\/div>\n\t\t<\/div>\n\t\t\t\t<div class=\"elementor-column elementor-col-50 elementor-inner-column elementor-element elementor-element-0880c68\" data-id=\"0880c68\" data-element_type=\"column\">\n\t\t\t<div class=\"elementor-widget-wrap elementor-element-populated\">\n\t\t\t\t\t\t\t\t<div class=\"elementor-element elementor-element-d8a9978 agrikon-transform transform-type-translate elementor-widget elementor-widget-heading\" data-id=\"d8a9978\" data-element_type=\"widget\" data-widget_type=\"heading.default\">\n\t\t\t\t<div class=\"elementor-widget-container\">\n\t\t\t<style>\/*! elementor - v3.10.0 - 09-01-2023 *\/\n.elementor-heading-title{padding:0;margin:0;line-height:1}.elementor-widget-heading .elementor-heading-title[class*=elementor-size-]>a{color:inherit;font-size:inherit;line-height:inherit}.elementor-widget-heading .elementor-heading-title.elementor-size-small{font-size:15px}.elementor-widget-heading .elementor-heading-title.elementor-size-medium{font-size:19px}.elementor-widget-heading .elementor-heading-title.elementor-size-large{font-size:29px}.elementor-widget-heading .elementor-heading-title.elementor-size-xl{font-size:39px}.elementor-widget-heading .elementor-heading-title.elementor-size-xxl{font-size:59px}<\/style><h1 class=\"elementor-heading-title elementor-size-default\">Tekirdag-Fleischb\u00e4llchen mit dem besonderen Touch von \u00d6z Antep's Gew\u00fcrzfix<\/h1>\t\t<\/div>\n\t\t\t\t<\/div>\n\t\t\t\t<div class=\"elementor-element elementor-element-1b0791b elementor-widget elementor-widget-text-editor\" data-id=\"1b0791b\" data-element_type=\"widget\" data-widget_type=\"text-editor.default\">\n\t\t\t\t<div class=\"elementor-widget-container\">\n\t\t\t<style>\/*! elementor - v3.10.0 - 09-01-2023 *\/\n.elementor-widget-text-editor.elementor-drop-cap-view-stacked .elementor-drop-cap{background-color:#818a91;color:#fff}.elementor-widget-text-editor.elementor-drop-cap-view-framed .elementor-drop-cap{color:#818a91;border:3px solid;background-color:transparent}.elementor-widget-text-editor:not(.elementor-drop-cap-view-default) .elementor-drop-cap{margin-top:8px}.elementor-widget-text-editor:not(.elementor-drop-cap-view-default) .elementor-drop-cap-letter{width:1em;height:1em}.elementor-widget-text-editor .elementor-drop-cap{float:left;text-align:center;line-height:1;font-size:50px}.elementor-widget-text-editor .elementor-drop-cap-letter{display:inline-block}<\/style>\t\t\t\t<p><!-- \/wp:heading --><\/p>\n<div class=\"grid\">\n<div class=\"grid_row is-60\">\n<div class=\"grid_col is-12 is-lg-6\">\n<p>Wir unterscheiden in der t\u00fcrkischen K\u00fcche 300 verschiedene Arten von Frikadellen-Gerichten. Tekirdag-Frikadellen, bekannt auch als Cevapcici in Balkan-L\u00e4ndern, geh\u00f6ren dabei zu den Top 10.Der Geschmack dieser Frikadelle h\u00e4ngt von der korrekten Verwendung und W\u00fcrzung von Rindfleisch ab.<\/p>\n<\/div>\n<div class=\"grid_col is-12 is-lg-6\">\n<p>Hierf\u00fcr wird Rinderhackfleisch aus der Rippe genommen und, nachdem es gew\u00fcrzt wurde, im K\u00fchlschrank ruhen gelassen, um das Aroma aufzunehmen. Die Tekirda\u011f-Fleischb\u00e4llchen werden oft mit einem schmackhaften roten Paprika-Dip serviert.<\/p>\n<\/div>\n<\/div>\n<\/div>\t\t\t\t\t\t<\/div>\n\t\t\t\t<\/div>\n\t\t\t\t\t<\/div>\n\t\t<\/div>\n\t\t\t\t\t\t\t<\/div>\n\t\t<\/section>\n\t\t\t\t<section class=\"elementor-section elementor-inner-section elementor-element elementor-element-d6f3d9f elementor-section-boxed elementor-section-height-default elementor-section-height-default nt-section-ripped-top ripped-top-no nt-section-ripped-bottom ripped-bottom-no\" data-id=\"d6f3d9f\" data-element_type=\"section\">\n\t\t\t\t\t\t<div class=\"elementor-container elementor-column-gap-default\">\n\t\t\t\t\t<div class=\"elementor-column elementor-col-50 elementor-inner-column elementor-element elementor-element-2a5611a\" data-id=\"2a5611a\" data-element_type=\"column\">\n\t\t\t<div class=\"elementor-widget-wrap elementor-element-populated\">\n\t\t\t\t\t\t\t\t<div class=\"elementor-element elementor-element-7f34d2c elementor-widget elementor-widget-text-editor\" data-id=\"7f34d2c\" data-element_type=\"widget\" data-widget_type=\"text-editor.default\">\n\t\t\t\t<div class=\"elementor-widget-container\">\n\t\t\t\t\t\t\t<p>Mit der Verwendung eines speziellen Fix f\u00fcr Hackb\u00e4llchen nach Tekirdag Art k\u00f6nnen Sie Ihre Frikadellen-Zubereitung auf ein neues Level bringen. Unser Gew\u00fcrz-Mix, das den Geschmack des Rindfleisches optimal entfaltet, besteht aus folgenden Gew\u00fcrzen:<\/p>\n<ul>\n<li>Paprikaflocken<\/li>\n<li>Paprikapulver (scharf)<\/li>\n<li>Knoblauchpulver<\/li>\n<li>Zwiebelpulver<\/li>\n<li>Thymian<\/li>\n<li>K\u00fcmmel<\/li>\n<li>Pfeffer<\/li>\n<li>Pfefferminz<\/li>\n<li>Salz.<\/li>\n<\/ul>\t\t\t\t\t\t<\/div>\n\t\t\t\t<\/div>\n\t\t\t\t\t<\/div>\n\t\t<\/div>\n\t\t\t\t<div class=\"elementor-column elementor-col-50 elementor-inner-column elementor-element elementor-element-2134702\" data-id=\"2134702\" data-element_type=\"column\">\n\t\t\t<div class=\"elementor-widget-wrap elementor-element-populated\">\n\t\t\t\t\t\t\t\t<div class=\"elementor-element elementor-element-6ba4172 elementor-widget elementor-widget-image\" data-id=\"6ba4172\" data-element_type=\"widget\" data-widget_type=\"image.default\">\n\t\t\t\t<div class=\"elementor-widget-container\">\n\t\t\t\t\t\t\t\t\t\t\t\t\t\t\t<img loading=\"lazy\" decoding=\"async\" width=\"960\" height=\"540\" src=\"https:\/\/ozantep.de\/wp-content\/uploads\/2020\/02\/oz-antep-blog-03-1024x576.jpg\" class=\"attachment-large size-large wp-image-5586\" alt=\"\" srcset=\"https:\/\/ozantep.de\/wp-content\/uploads\/2020\/02\/oz-antep-blog-03-1024x576.jpg 1024w, https:\/\/ozantep.de\/wp-content\/uploads\/2020\/02\/oz-antep-blog-03-300x169.jpg 300w, https:\/\/ozantep.de\/wp-content\/uploads\/2020\/02\/oz-antep-blog-03-768x432.jpg 768w, https:\/\/ozantep.de\/wp-content\/uploads\/2020\/02\/oz-antep-blog-03-1536x864.jpg 1536w, https:\/\/ozantep.de\/wp-content\/uploads\/2020\/02\/oz-antep-blog-03-980x551.jpg 980w, https:\/\/ozantep.de\/wp-content\/uploads\/2020\/02\/oz-antep-blog-03.jpg 1920w\" sizes=\"auto, (max-width: 960px) 100vw, 960px\" \/>\t\t\t\t\t\t\t\t\t\t\t\t\t\t\t<\/div>\n\t\t\t\t<\/div>\n\t\t\t\t\t<\/div>\n\t\t<\/div>\n\t\t\t\t\t\t\t<\/div>\n\t\t<\/section>\n\t\t\t\t<section class=\"elementor-section elementor-inner-section elementor-element elementor-element-f3cc895 elementor-section-boxed elementor-section-height-default elementor-section-height-default nt-section-ripped-top ripped-top-no nt-section-ripped-bottom ripped-bottom-no\" data-id=\"f3cc895\" data-element_type=\"section\">\n\t\t\t\t\t\t<div class=\"elementor-container elementor-column-gap-default\">\n\t\t\t\t\t<div class=\"elementor-column elementor-col-100 elementor-inner-column elementor-element elementor-element-a169e66\" data-id=\"a169e66\" data-element_type=\"column\">\n\t\t\t<div class=\"elementor-widget-wrap elementor-element-populated\">\n\t\t\t\t\t\t\t\t<div class=\"elementor-element elementor-element-e227cb6 elementor-widget elementor-widget-text-editor\" data-id=\"e227cb6\" data-element_type=\"widget\" data-widget_type=\"text-editor.default\">\n\t\t\t\t<div class=\"elementor-widget-container\">\n\t\t\t\t\t\t\t<h3><strong><b>Zutaten<\/b><\/strong><\/h3><p>1kg Hackfleisch<\/p><p><strong><b>Gew\u00fcrzfix f\u00fcr Tekirdag-Fleischb\u00e4llchen von \u00d6z Antep<\/b><\/strong><\/p><h3><strong><b>Zubereitung <\/b><\/strong><\/h3><p>1 kg Hackfleisch mit etwas Wasser und <strong><b>Gew\u00fcrzfix von \u00d6z Antep <\/b><\/strong>verkneten.<\/p><p>Das gew\u00fcrzte Hackfleisch im K\u00fchlschrank 1 Stunde k\u00fchlen.<\/p><p>Anschlie\u00dfend die Tekirdag-Frikadellen formen Die geformten Frikadellen grillen oder in einer Pfanne braten.<\/p><blockquote><p>Diese Frikadellen k\u00f6nnen Sie mit einer Sauce aus Tomaten-oder Paprikamark von \u00d6z Antep servieren F\u00fcr Pommes oder Salat stehen Ihnen schwarzer Pfeffer, Paprikaflocken, Oregano, Sumach vur Verf\u00fcgung.<\/p><\/blockquote>\t\t\t\t\t\t<\/div>\n\t\t\t\t<\/div>\n\t\t\t\t\t<\/div>\n\t\t<\/div>\n\t\t\t\t\t\t\t<\/div>\n\t\t<\/section>\n\t\t\t\t\t<\/div>\n\t\t<\/div>\n\t\t\t\t\t\t\t<\/div>\n\t\t<\/section>\n\t\t\t\t<section class=\"elementor-section elementor-top-section elementor-element elementor-element-8c85eb6 elementor-section-boxed elementor-section-height-default elementor-section-height-default nt-section-ripped-top ripped-top-no nt-section-ripped-bottom ripped-bottom-no\" data-id=\"8c85eb6\" data-element_type=\"section\">\n\t\t\t\t\t\t<div class=\"elementor-container elementor-column-gap-default\">\n\t\t\t\t\t<div class=\"elementor-column elementor-col-100 elementor-top-column elementor-element elementor-element-413c3a9\" data-id=\"413c3a9\" data-element_type=\"column\">\n\t\t\t<div class=\"elementor-widget-wrap elementor-element-populated\">\n\t\t\t\t\t\t\t\t<div class=\"elementor-element elementor-element-16df4fa elementor-widget elementor-widget-agrikon-woo-grid\" data-id=\"16df4fa\" data-element_type=\"widget\" data-widget_type=\"agrikon-woo-grid.default\">\n\t\t\t\t<div class=\"elementor-widget-container\">\n\t\t\t<div class=\"section-custom-categories\"><div class=\"woocommerce columns-4 \"><div class=\"products woocommerce--row row row-cols-1 row-cols-sm-2 row-cols-lg-3 row-cols-xl-4\">\n<div class=\"product_item col\">\n    <div class=\"shop-product_grid product-type--1 nt-post-class product type-product post-5265 status-publish first outofstock product_cat-gewurze product_tag-schwarzer-pfeffer-gemahlen has-post-thumbnail shipping-taxable product-type-variable\">\n\n        <div class=\"shop-product_photo\">\n\n            <a href=\"https:\/\/ozantep.de\/tr\/product\/oz-antep-schwarzer-pfeffer-gemahlen-400-g\/\">\n            <img loading=\"lazy\" decoding=\"async\" width=\"450\" height=\"450\" src=\"https:\/\/ozantep.de\/wp-content\/uploads\/2023\/02\/oz-antep-toz-karabiber-400g-450x450.jpg\" class=\"attachment-woocommerce_thumbnail size-woocommerce_thumbnail\" alt=\"\u00d6z Antep&lt;br&gt; Schwarzer Pfeffer, gemahlen&lt;br&gt; 400 g\" srcset=\"https:\/\/ozantep.de\/wp-content\/uploads\/2023\/02\/oz-antep-toz-karabiber-400g-450x450.jpg 450w, https:\/\/ozantep.de\/wp-content\/uploads\/2023\/02\/oz-antep-toz-karabiber-400g-300x300.jpg 300w, https:\/\/ozantep.de\/wp-content\/uploads\/2023\/02\/oz-antep-toz-karabiber-400g-150x150.jpg 150w, https:\/\/ozantep.de\/wp-content\/uploads\/2023\/02\/oz-antep-toz-karabiber-400g-768x768.jpg 768w, https:\/\/ozantep.de\/wp-content\/uploads\/2023\/02\/oz-antep-toz-karabiber-400g-500x500.jpg 500w, https:\/\/ozantep.de\/wp-content\/uploads\/2023\/02\/oz-antep-toz-karabiber-400g-750x750.jpg 750w, https:\/\/ozantep.de\/wp-content\/uploads\/2023\/02\/oz-antep-toz-karabiber-400g-100x100.jpg 100w, https:\/\/ozantep.de\/wp-content\/uploads\/2023\/02\/oz-antep-toz-karabiber-400g.jpg 800w\" sizes=\"auto, (max-width: 450px) 100vw, 450px\" \/>        <\/a>\n            \n    <div class=\"product-label_wrapper\">\n            <\/div>\n\n<\/div>\n\n<div class=\"shop-product_content\">\n\n    <div class=\"shop-product_body\">\n                <div class=\"shop-product_title\">\n            <a href=\"https:\/\/ozantep.de\/tr\/product\/oz-antep-schwarzer-pfeffer-gemahlen-400-g\/\">\u00d6z Antep<br> Schwarzer Pfeffer, gemahlen<br> 400 g<\/a>\n        <\/div>\n            <\/div>\n\n    <div class=\"shop-product_footer\">\n        <div class=\"shop-cart_button\">\n            <a href=\"https:\/\/ozantep.de\/tr\/product\/oz-antep-schwarzer-pfeffer-gemahlen-400-g\/\" aria-describedby=\"woocommerce_loop_add_to_cart_link_describedby_5265\" data-quantity=\"1\" class=\"button product_type_variable\" data-product_id=\"5265\" data-product_sku=\"8129\" aria-label=\"&ldquo;\u00d6z Antep Schwarzer Pfeffer, gemahlen 400 g&rdquo; i\u00e7in se\u00e7enekleri se\u00e7in\" rel=\"nofollow\">Devam\u0131n\u0131 oku<\/a>\t<span id=\"woocommerce_loop_add_to_cart_link_describedby_5265\" class=\"screen-reader-text\">\n\t\t\t<\/span>\n        <\/div>\n        <\/a><a href=\"#\" data-product_id=\"5265\" class=\"button agrikon-btn-quick-view\"><\/a>    <\/div>\n\n<\/div>\n\n    <\/div>\n<\/div>\n<div class=\"product_item col\">\n    <div class=\"shop-product_grid product-type--1 nt-post-class product type-product post-5256 status-publish outofstock product_cat-gewurze product_tag-essigbaumfrucht-sumach has-post-thumbnail shipping-taxable product-type-variable\">\n\n        <div class=\"shop-product_photo\">\n\n            <a href=\"https:\/\/ozantep.de\/tr\/product\/oz-antep-essigbaumfrucht-sumach-400-g\/\">\n            <img loading=\"lazy\" decoding=\"async\" width=\"450\" height=\"450\" src=\"https:\/\/ozantep.de\/wp-content\/uploads\/2023\/02\/oz-antep-sumak-400g-450x450.jpg\" class=\"attachment-woocommerce_thumbnail size-woocommerce_thumbnail\" alt=\"\u00d6z Antep&lt;br&gt; Essigbaumfrucht Sumach&lt;br&gt; 400 g\" srcset=\"https:\/\/ozantep.de\/wp-content\/uploads\/2023\/02\/oz-antep-sumak-400g-450x450.jpg 450w, https:\/\/ozantep.de\/wp-content\/uploads\/2023\/02\/oz-antep-sumak-400g-300x300.jpg 300w, https:\/\/ozantep.de\/wp-content\/uploads\/2023\/02\/oz-antep-sumak-400g-150x150.jpg 150w, https:\/\/ozantep.de\/wp-content\/uploads\/2023\/02\/oz-antep-sumak-400g-768x768.jpg 768w, https:\/\/ozantep.de\/wp-content\/uploads\/2023\/02\/oz-antep-sumak-400g-500x500.jpg 500w, https:\/\/ozantep.de\/wp-content\/uploads\/2023\/02\/oz-antep-sumak-400g-750x750.jpg 750w, https:\/\/ozantep.de\/wp-content\/uploads\/2023\/02\/oz-antep-sumak-400g-100x100.jpg 100w, https:\/\/ozantep.de\/wp-content\/uploads\/2023\/02\/oz-antep-sumak-400g.jpg 800w\" sizes=\"auto, (max-width: 450px) 100vw, 450px\" \/>        <\/a>\n            \n    <div class=\"product-label_wrapper\">\n            <\/div>\n\n<\/div>\n\n<div class=\"shop-product_content\">\n\n    <div class=\"shop-product_body\">\n                <div class=\"shop-product_title\">\n            <a href=\"https:\/\/ozantep.de\/tr\/product\/oz-antep-essigbaumfrucht-sumach-400-g\/\">\u00d6z Antep<br> Essigbaumfrucht Sumach<br> 400 g<\/a>\n        <\/div>\n            <\/div>\n\n    <div class=\"shop-product_footer\">\n        <div class=\"shop-cart_button\">\n            <a href=\"https:\/\/ozantep.de\/tr\/product\/oz-antep-essigbaumfrucht-sumach-400-g\/\" aria-describedby=\"woocommerce_loop_add_to_cart_link_describedby_5256\" data-quantity=\"1\" class=\"button product_type_variable\" data-product_id=\"5256\" data-product_sku=\"8124\" aria-label=\"&ldquo;\u00d6z Antep Essigbaumfrucht Sumach 400 g&rdquo; i\u00e7in se\u00e7enekleri se\u00e7in\" rel=\"nofollow\">Devam\u0131n\u0131 oku<\/a>\t<span id=\"woocommerce_loop_add_to_cart_link_describedby_5256\" class=\"screen-reader-text\">\n\t\t\t<\/span>\n        <\/div>\n        <\/a><a href=\"#\" data-product_id=\"5256\" class=\"button agrikon-btn-quick-view\"><\/a>    <\/div>\n\n<\/div>\n\n    <\/div>\n<\/div>\n<div class=\"product_item col\">\n    <div class=\"shop-product_grid product-type--1 nt-post-class product type-product post-5193 status-publish outofstock product_cat-tomaten-paprikamark product_tag-tomaten-paprikapaste has-post-thumbnail shipping-taxable product-type-variable\">\n\n        <div class=\"shop-product_photo\">\n\n            <a href=\"https:\/\/ozantep.de\/tr\/product\/oz-antep-tomaten-paprikapaste-660-ml\/\">\n            <img loading=\"lazy\" decoding=\"async\" width=\"450\" height=\"450\" src=\"https:\/\/ozantep.de\/wp-content\/uploads\/2023\/02\/oz-antep-karisik-biber-salcasi-660-ml-450x450.jpg\" class=\"attachment-woocommerce_thumbnail size-woocommerce_thumbnail\" alt=\"\u00d6z Antep&lt;br&gt; Tomaten-Paprikamark&lt;br&gt; 660 ml\" srcset=\"https:\/\/ozantep.de\/wp-content\/uploads\/2023\/02\/oz-antep-karisik-biber-salcasi-660-ml-450x450.jpg 450w, https:\/\/ozantep.de\/wp-content\/uploads\/2023\/02\/oz-antep-karisik-biber-salcasi-660-ml-300x300.jpg 300w, https:\/\/ozantep.de\/wp-content\/uploads\/2023\/02\/oz-antep-karisik-biber-salcasi-660-ml-150x150.jpg 150w, https:\/\/ozantep.de\/wp-content\/uploads\/2023\/02\/oz-antep-karisik-biber-salcasi-660-ml-768x768.jpg 768w, https:\/\/ozantep.de\/wp-content\/uploads\/2023\/02\/oz-antep-karisik-biber-salcasi-660-ml-500x500.jpg 500w, https:\/\/ozantep.de\/wp-content\/uploads\/2023\/02\/oz-antep-karisik-biber-salcasi-660-ml-750x750.jpg 750w, https:\/\/ozantep.de\/wp-content\/uploads\/2023\/02\/oz-antep-karisik-biber-salcasi-660-ml-100x100.jpg 100w, https:\/\/ozantep.de\/wp-content\/uploads\/2023\/02\/oz-antep-karisik-biber-salcasi-660-ml.jpg 800w\" sizes=\"auto, (max-width: 450px) 100vw, 450px\" \/>        <\/a>\n            \n    <div class=\"product-label_wrapper\">\n            <\/div>\n\n<\/div>\n\n<div class=\"shop-product_content\">\n\n    <div class=\"shop-product_body\">\n                <div class=\"shop-product_title\">\n            <a href=\"https:\/\/ozantep.de\/tr\/product\/oz-antep-tomaten-paprikapaste-660-ml\/\">\u00d6z Antep<br> Tomaten-Paprikamark<br> 660 ml<\/a>\n        <\/div>\n            <\/div>\n\n    <div class=\"shop-product_footer\">\n        <div class=\"shop-cart_button\">\n            <a href=\"https:\/\/ozantep.de\/tr\/product\/oz-antep-tomaten-paprikapaste-660-ml\/\" aria-describedby=\"woocommerce_loop_add_to_cart_link_describedby_5193\" data-quantity=\"1\" class=\"button product_type_variable\" data-product_id=\"5193\" data-product_sku=\"5781\" aria-label=\"&ldquo;\u00d6z Antep Tomaten-Paprikamark 660 ml&rdquo; i\u00e7in se\u00e7enekleri se\u00e7in\" rel=\"nofollow\">Devam\u0131n\u0131 oku<\/a>\t<span id=\"woocommerce_loop_add_to_cart_link_describedby_5193\" class=\"screen-reader-text\">\n\t\t\t<\/span>\n        <\/div>\n        <\/a><a href=\"#\" data-product_id=\"5193\" class=\"button agrikon-btn-quick-view\"><\/a>    <\/div>\n\n<\/div>\n\n    <\/div>\n<\/div>\n<\/div>\n<\/div><\/div>\t\t<\/div>\n\t\t\t\t<\/div>\n\t\t\t\t\t<\/div>\n\t\t<\/div>\n\t\t\t\t\t\t\t<\/div>\n\t\t<\/section>\n\t\t\t\t\t\t\t<\/div>\n\t\t","protected":false},"excerpt":{"rendered":"<p>Wir unterscheiden in der t\u00fcrkischen K\u00fcche 300 verschiedene Arten von Frikadellen-Gerichten. Tekirdag-Frikadellen, bekannt auch als Cevapcici in Balkan-&#8230;<\/p>","protected":false},"author":1,"featured_media":5586,"comment_status":"closed","ping_status":"closed","sticky":false,"template":"","format":"standard","meta":{"footnotes":""},"categories":[104],"tags":[],"class_list":["post-2408","post","type-post","status-publish","format-standard","has-post-thumbnail","hentry","category-gewurze","nt-post-class",""],"_links":{"self":[{"href":"https:\/\/ozantep.de\/tr\/wp-json\/wp\/v2\/posts\/2408","targetHints":{"allow":["GET"]}}],"collection":[{"href":"https:\/\/ozantep.de\/tr\/wp-json\/wp\/v2\/posts"}],"about":[{"href":"https:\/\/ozantep.de\/tr\/wp-json\/wp\/v2\/types\/post"}],"author":[{"embeddable":true,"href":"https:\/\/ozantep.de\/tr\/wp-json\/wp\/v2\/users\/1"}],"replies":[{"embeddable":true,"href":"https:\/\/ozantep.de\/tr\/wp-json\/wp\/v2\/comments?post=2408"}],"version-history":[{"count":104,"href":"https:\/\/ozantep.de\/tr\/wp-json\/wp\/v2\/posts\/2408\/revisions"}],"predecessor-version":[{"id":6312,"href":"https:\/\/ozantep.de\/tr\/wp-json\/wp\/v2\/posts\/2408\/revisions\/6312"}],"wp:featuredmedia":[{"embeddable":true,"href":"https:\/\/ozantep.de\/tr\/wp-json\/wp\/v2\/media\/5586"}],"wp:attachment":[{"href":"https:\/\/ozantep.de\/tr\/wp-json\/wp\/v2\/media?parent=2408"}],"wp:term":[{"taxonomy":"category","embeddable":true,"href":"https:\/\/ozantep.de\/tr\/wp-json\/wp\/v2\/categories?post=2408"},{"taxonomy":"post_tag","embeddable":true,"href":"https:\/\/ozantep.de\/tr\/wp-json\/wp\/v2\/tags?post=2408"}],"curies":[{"name":"wp","href":"https:\/\/api.w.org\/{rel}","templated":true}]}}